{"id":10076,"date":"2023-11-07T10:07:41","date_gmt":"2023-11-07T09:07:41","guid":{"rendered":"https:\/\/africagreentec.com.dev.kalayourlife.com\/impactblog\/countrystory-mali\/"},"modified":"2024-10-24T14:46:57","modified_gmt":"2024-10-24T12:46:57","slug":"countrystory-mali","status":"publish","type":"impactblog","link":"https:\/\/www.africagreentec.com\/fr\/impactblog\/countrystory-mali\/","title":{"rendered":"#CountryStory Mali"},"content":{"rendered":"\t\t<div data-elementor-type=\"wp-post\" data-elementor-id=\"10076\" class=\"elementor elementor-10076 elementor-9827\" data-elementor-post-type=\"impactblog\">\n\t\t\t\t\t\t\t\t\t<section class=\"elementor-section elementor-top-section elementor-element elementor-element-14e4ae0 elementor-section-boxed elementor-section-height-default elementor-section-height-default\" data-id=\"14e4ae0\" data-element_type=\"section\">\n\t\t\t\t\t\t<div class=\"elementor-container elementor-column-gap-default\">\n\t\t\t\t\t<div class=\"elementor-column elementor-col-100 elementor-top-column elementor-element elementor-element-f62278a\" data-id=\"f62278a\" data-element_type=\"column\">\n\t\t\t<div class=\"elementor-widget-wrap elementor-element-populated\">\n\t\t\t\t\t\t\t\t<div class=\"elementor-element elementor-element-6734210 elementor-widget elementor-widget-kyl_breadcrumb\" data-id=\"6734210\" data-element_type=\"widget\" data-widget_type=\"kyl_breadcrumb.default\">\n\t\t\t\t<div class=\"elementor-widget-container\">\n\t\t\t\n        <div class=\"kyl_breadcrumb\">\n            <div class=\"wrapper\">\n                <a class=\"home\" href=\"\/\">Home<\/a>\n\n\t\t\t\t            <span class=\"delimiter\"><\/span>\n\t\t\t                <span>#CountryStory Mali<\/span>\n\t\t\t            <\/div>\n        <\/div>\n\t\t\t\t<\/div>\n\t\t\t\t<\/div>\n\t\t\t\t<div class=\"elementor-element elementor-element-3e97f64 elementor-widget elementor-widget-spacer\" data-id=\"3e97f64\" data-element_type=\"widget\" data-widget_type=\"spacer.default\">\n\t\t\t\t<div class=\"elementor-widget-container\">\n\t\t\t<style>\/*! elementor - v3.16.0 - 17-10-2023 *\/\n.elementor-column .elementor-spacer-inner{height:var(--spacer-size)}.e-con{--container-widget-width:100%}.e-con-inner>.elementor-widget-spacer,.e-con>.elementor-widget-spacer{width:var(--container-widget-width,var(--spacer-size));--align-self:var(--container-widget-align-self,initial);--flex-shrink:0}.e-con-inner>.elementor-widget-spacer>.elementor-widget-container,.e-con>.elementor-widget-spacer>.elementor-widget-container{height:100%;width:100%}.e-con-inner>.elementor-widget-spacer>.elementor-widget-container>.elementor-spacer,.e-con>.elementor-widget-spacer>.elementor-widget-container>.elementor-spacer{height:100%}.e-con-inner>.elementor-widget-spacer>.elementor-widget-container>.elementor-spacer>.elementor-spacer-inner,.e-con>.elementor-widget-spacer>.elementor-widget-container>.elementor-spacer>.elementor-spacer-inner{height:var(--container-widget-height,var(--spacer-size))}.e-con-inner>.elementor-widget-spacer.elementor-widget-empty,.e-con>.elementor-widget-spacer.elementor-widget-empty{position:relative;min-height:22px;min-width:22px}.e-con-inner>.elementor-widget-spacer.elementor-widget-empty .elementor-widget-empty-icon,.e-con>.elementor-widget-spacer.elementor-widget-empty .elementor-widget-empty-icon{position:absolute;top:0;bottom:0;left:0;right:0;margin:auto;padding:0;width:22px;height:22px}<\/style>\t\t<div class=\"elementor-spacer\">\n\t\t\t<div class=\"elementor-spacer-inner\"><\/div>\n\t\t<\/div>\n\t\t\t\t<\/div>\n\t\t\t\t<\/div>\n\t\t\t\t\t<\/div>\n\t\t<\/div>\n\t\t\t\t\t\t\t<\/div>\n\t\t<\/section>\n\t\t\t\t<section class=\"elementor-section elementor-top-section elementor-element elementor-element-4b7ad68 elementor-section-boxed elementor-section-height-default elementor-section-height-default\" data-id=\"4b7ad68\" data-element_type=\"section\">\n\t\t\t\t\t\t<div class=\"elementor-container elementor-column-gap-default\">\n\t\t\t\t\t<div class=\"elementor-column elementor-col-100 elementor-top-column elementor-element elementor-element-2a16a03\" data-id=\"2a16a03\" data-element_type=\"column\">\n\t\t\t<div class=\"elementor-widget-wrap elementor-element-populated\">\n\t\t\t\t\t\t\t\t<div class=\"elementor-element elementor-element-a648604 elementor-widget elementor-widget-kyl_headline\" data-id=\"a648604\" data-element_type=\"widget\" data-widget_type=\"kyl_headline.default\">\n\t\t\t\t<div class=\"elementor-widget-container\">\n\t\t\t\n        <div class=\"kyl_headline\">\n            <div class=\"container\">\n\n                <h1 class=\"headline\">\n                    #CountryStory Mali                <\/h1>\n\n            <\/div>\n        <\/div>\n\n\t\t\t\t<\/div>\n\t\t\t\t<\/div>\n\t\t\t\t<div class=\"elementor-element elementor-element-f2230fe elementor-widget elementor-widget-spacer\" data-id=\"f2230fe\" data-element_type=\"widget\" data-widget_type=\"spacer.default\">\n\t\t\t\t<div class=\"elementor-widget-container\">\n\t\t\t\t\t<div class=\"elementor-spacer\">\n\t\t\t<div class=\"elementor-spacer-inner\"><\/div>\n\t\t<\/div>\n\t\t\t\t<\/div>\n\t\t\t\t<\/div>\n\t\t\t\t<div class=\"elementor-element elementor-element-7ce6ff2 elementor-widget elementor-widget-kyl_author\" data-id=\"7ce6ff2\" data-element_type=\"widget\" data-widget_type=\"kyl_author.default\">\n\t\t\t\t<div class=\"elementor-widget-container\">\n\t\t\t\n        <div class=\"kyl_author\">\n\n            <img decoding=\"async\" class=\"author\"\n                 src=\"\"\n                 srcset=\"\"\n                 alt=\"\">\n            <div class=\"text\">\n                <span class=\"name\">\n                    Katharina S.<br \/>\n08 novembre 2023                <\/span>\n                <br>\n            <\/div>\n\n        <\/div>\n\n\t\t\t\t<\/div>\n\t\t\t\t<\/div>\n\t\t\t\t<div class=\"elementor-element elementor-element-398fb30 elementor-widget elementor-widget-spacer\" data-id=\"398fb30\" data-element_type=\"widget\" data-widget_type=\"spacer.default\">\n\t\t\t\t<div class=\"elementor-widget-container\">\n\t\t\t\t\t<div class=\"elementor-spacer\">\n\t\t\t<div class=\"elementor-spacer-inner\"><\/div>\n\t\t<\/div>\n\t\t\t\t<\/div>\n\t\t\t\t<\/div>\n\t\t\t\t<div class=\"elementor-element elementor-element-cf78994 width-full_width elementor-widget elementor-widget-kyl_images\" data-id=\"cf78994\" data-element_type=\"widget\" data-widget_type=\"kyl_images.default\">\n\t\t\t\t<div class=\"elementor-widget-container\">\n\t\t\t\n        <div class=\"kyl_images\" data-count=\"1\">\n\n\t\t\t                <div class=\"image image1 \">\n\t\t\t\t\t<img decoding=\"async\" src=\"https:\/\/www.africagreentec.com\/wp-content\/uploads\/2023\/11\/DJI_0361-1-scaled.jpg\" title=\"default\" alt=\"default\" loading=\"lazy\" \/>\n\t\t\t\t\t                <\/div>\n\t\t\t\n\t\t\t\n\n        <\/div>\n\n\t\t\t\t<\/div>\n\t\t\t\t<\/div>\n\t\t\t\t<div class=\"elementor-element elementor-element-c58a2d4 elementor-widget elementor-widget-spacer\" data-id=\"c58a2d4\" data-element_type=\"widget\" data-widget_type=\"spacer.default\">\n\t\t\t\t<div class=\"elementor-widget-container\">\n\t\t\t\t\t<div class=\"elementor-spacer\">\n\t\t\t<div class=\"elementor-spacer-inner\"><\/div>\n\t\t<\/div>\n\t\t\t\t<\/div>\n\t\t\t\t<\/div>\n\t\t\t\t\t<\/div>\n\t\t<\/div>\n\t\t\t\t\t\t\t<\/div>\n\t\t<\/section>\n\t\t\t\t<section class=\"elementor-section elementor-top-section elementor-element elementor-element-2dc4b4b elementor-section-boxed elementor-section-height-default elementor-section-height-default\" data-id=\"2dc4b4b\" data-element_type=\"section\">\n\t\t\t\t\t\t<div class=\"elementor-container elementor-column-gap-default\">\n\t\t\t\t\t<div class=\"elementor-column elementor-col-100 elementor-top-column elementor-element elementor-element-967258d\" data-id=\"967258d\" data-element_type=\"column\">\n\t\t\t<div class=\"elementor-widget-wrap elementor-element-populated\">\n\t\t\t\t\t\t\t\t<div class=\"elementor-element elementor-element-04d8ee1 elementor-widget elementor-widget-kyl_text\" data-id=\"04d8ee1\" data-element_type=\"widget\" data-widget_type=\"kyl_text.default\">\n\t\t\t\t<div class=\"elementor-widget-container\">\n\t\t\t\n        <div class=\"kyl_text is-left\">\n            <div class=\"container\">\n\t\t\t\t\n\t\t\t                <div class=\"text\">\n\t\t\t\t\t<p><span style=\"font-weight: 400;\">Le Mali qui est situ\u00e9 au c\u0153ur de l'Afrique de l'Ouest, abrite une culture vibrante, des significations historiques et des paysages \u00e9poustouflants, mais il est \u00e9galement en proie \u00e0 des probl\u00e8mes \u00e9conomiques et \u00e0 des difficult\u00e9s structurelles.\u00a0<\/span><\/p><p><span style=\"font-weight: 400;\">Le Mali a une importance toute particuli\u00e8re pour nous : c'est l\u00e0 qu'est n\u00e9e l'id\u00e9e d'Africa GreenTec et c'est l\u00e0 que nous avons r\u00e9alis\u00e9 notre tout premier projet pilote. Malgr\u00e9 la situation tendue qui r\u00e8gne actuellement dans le pays, notre lien avec le Mali reste constant et nos projets sont toujours en cours.<\/span><\/p>                <\/div>\n\t\t\t\n\t\t\t        <\/div>\n        <\/div>\n\t\t\t\t<\/div>\n\t\t\t\t<\/div>\n\t\t\t\t<div class=\"elementor-element elementor-element-0249b1a elementor-widget elementor-widget-spacer\" data-id=\"0249b1a\" data-element_type=\"widget\" data-widget_type=\"spacer.default\">\n\t\t\t\t<div class=\"elementor-widget-container\">\n\t\t\t\t\t<div class=\"elementor-spacer\">\n\t\t\t<div class=\"elementor-spacer-inner\"><\/div>\n\t\t<\/div>\n\t\t\t\t<\/div>\n\t\t\t\t<\/div>\n\t\t\t\t\t<\/div>\n\t\t<\/div>\n\t\t\t\t\t\t\t<\/div>\n\t\t<\/section>\n\t\t\t\t<section class=\"elementor-section elementor-top-section elementor-element elementor-element-32a464a elementor-section-full_width elementor-section-height-default elementor-section-height-default\" data-id=\"32a464a\" data-element_type=\"section\">\n\t\t\t\t\t\t<div class=\"elementor-container elementor-column-gap-default\">\n\t\t\t\t\t<div class=\"elementor-column elementor-col-100 elementor-top-column elementor-element elementor-element-fc2a258\" data-id=\"fc2a258\" data-element_type=\"column\">\n\t\t\t<div class=\"elementor-widget-wrap elementor-element-populated\">\n\t\t\t\t\t\t\t\t<div class=\"elementor-element elementor-element-63f39b4 elementor-widget elementor-widget-kyl_image_teaser_slant_medium\" data-id=\"63f39b4\" data-element_type=\"widget\" data-widget_type=\"kyl_image_teaser_slant_medium.default\">\n\t\t\t\t<div class=\"elementor-widget-container\">\n\t\t\t\n        <div class=\"kyl_image_teaser_slant_medium\">\n            <div class=\"container is-left\">\n                <div class=\"wrapper-image\">\n\t\t\t\t\t\t\t\t\t\t\t                        <img decoding=\"async\" src=\"https:\/\/www.africagreentec.com\/wp-content\/uploads\/2023\/11\/PatrickReimers_MG_1497.jpg\" alt=\"PatrickReimers_MG_1497\" title=\"PatrickReimers_MG_1497\" class=\"image calc-slant calc-slant-right\">\n\t\t\t\t\t                <\/div>\n                <div class=\"wrapper-text\">\n\n\t\t\t\t\t\n\t\t\t\t\t<h3                    class=\"headline\">\n\t\t\t\t\t\t\t\t\t\t<p><span style=\"font-weight: 400;\">Un aper\u00e7u de l'histoire du Mali<\/span><\/p>                <\/h3>\n\t\t\t\t                    <div class=\"text\">\n\t\t\t\t\t\t<p><span style=\"font-weight: 400;\">Le Mali peut se targuer d'une histoire fascinante, avec certaines des plus anciennes traces de civilisation humaine trouv\u00e9es sur son territoire. L'ancienne ville de Tombouctou, class\u00e9e au patrimoine mondial de l'UNESCO, \u00e9tait autrefois un centre d'apprentissage et de commerce r\u00e9put\u00e9 dans la r\u00e9gion. Ses biblioth\u00e8ques et ses universit\u00e9s attiraient des savants de toute l'Afrique et du monde arabe, ce qui en faisait un centre n\u00e9vralgique d'\u00e9changes intellectuels et culturels. La mosqu\u00e9e Djinguereber, construite au XIVe si\u00e8cle, t\u00e9moigne de la grandeur architecturale et de l'h\u00e9ritage islamique de la ville.<\/span><\/p>                    <\/div>\n\t\t\t\t\n\t\t\t\t\n            <\/div>\n        <\/div>\n        <\/div>\n\n\t\t\t\t<\/div>\n\t\t\t\t<\/div>\n\t\t\t\t<div class=\"elementor-element elementor-element-034ecdb elementor-widget elementor-widget-spacer\" data-id=\"034ecdb\" data-element_type=\"widget\" data-widget_type=\"spacer.default\">\n\t\t\t\t<div class=\"elementor-widget-container\">\n\t\t\t\t\t<div class=\"elementor-spacer\">\n\t\t\t<div class=\"elementor-spacer-inner\"><\/div>\n\t\t<\/div>\n\t\t\t\t<\/div>\n\t\t\t\t<\/div>\n\t\t\t\t\t<\/div>\n\t\t<\/div>\n\t\t\t\t\t\t\t<\/div>\n\t\t<\/section>\n\t\t\t\t<section class=\"elementor-section elementor-top-section elementor-element elementor-element-82eb94d elementor-section-boxed elementor-section-height-default elementor-section-height-default\" data-id=\"82eb94d\" data-element_type=\"section\">\n\t\t\t\t\t\t<div class=\"elementor-container elementor-column-gap-default\">\n\t\t\t\t\t<div class=\"elementor-column elementor-col-100 elementor-top-column elementor-element elementor-element-ca15a85\" data-id=\"ca15a85\" data-element_type=\"column\">\n\t\t\t<div class=\"elementor-widget-wrap elementor-element-populated\">\n\t\t\t\t\t\t\t\t<div class=\"elementor-element elementor-element-a82b129 elementor-widget elementor-widget-kyl_text\" data-id=\"a82b129\" data-element_type=\"widget\" data-widget_type=\"kyl_text.default\">\n\t\t\t\t<div class=\"elementor-widget-container\">\n\t\t\t\n        <div class=\"kyl_text is-left\">\n            <div class=\"container\">\n\t\t\t\t                <h3 class=\"headline\">\n\t\t\t\tDiversit\u00e9 des traditions culturelles            <\/h3>\n\t\t\t\n\t\t\t                <div class=\"text\">\n\t\t\t\t\t<p><span style=\"font-weight: 400;\">Le Mali est un pays multiethnique qui abrite un grand nombre de groupes ethniques. Plus de 15 langues diff\u00e9rentes sont parl\u00e9es, chacune d'entre elles se d\u00e9clinant en diff\u00e9rentes variantes et dialectes. La langue officielle est le fran\u00e7ais, bien qu'il ne soit pas tr\u00e8s r\u00e9pandu dans la population rurale. La langue vernaculaire est le bambara, qui est parl\u00e9 par environ 60 \u00e0 80 % de la population.<\/span><\/p>                <\/div>\n\t\t\t\n\t\t\t        <\/div>\n        <\/div>\n\t\t\t\t<\/div>\n\t\t\t\t<\/div>\n\t\t\t\t<div class=\"elementor-element elementor-element-994fea2 elementor-widget elementor-widget-spacer\" data-id=\"994fea2\" data-element_type=\"widget\" data-widget_type=\"spacer.default\">\n\t\t\t\t<div class=\"elementor-widget-container\">\n\t\t\t\t\t<div class=\"elementor-spacer\">\n\t\t\t<div class=\"elementor-spacer-inner\"><\/div>\n\t\t<\/div>\n\t\t\t\t<\/div>\n\t\t\t\t<\/div>\n\t\t\t\t<div class=\"elementor-element elementor-element-e4f3987 width-full_width elementor-widget elementor-widget-kyl_images\" data-id=\"e4f3987\" data-element_type=\"widget\" data-widget_type=\"kyl_images.default\">\n\t\t\t\t<div class=\"elementor-widget-container\">\n\t\t\t\n        <div class=\"kyl_images\" data-count=\"1\">\n\n\t\t\t                <div class=\"image image1 \">\n\t\t\t\t\t<img decoding=\"async\" src=\"https:\/\/www.africagreentec.com\/wp-content\/uploads\/2023\/11\/IMG_8201-scaled.jpg\" title=\"IMG_8201\" alt=\"IMG_8201\" loading=\"lazy\" \/>\n\t\t\t\t\t                <\/div>\n\t\t\t\n\t\t\t\n\n        <\/div>\n\n\t\t\t\t<\/div>\n\t\t\t\t<\/div>\n\t\t\t\t<div class=\"elementor-element elementor-element-34ec841 elementor-widget elementor-widget-spacer\" data-id=\"34ec841\" data-element_type=\"widget\" data-widget_type=\"spacer.default\">\n\t\t\t\t<div class=\"elementor-widget-container\">\n\t\t\t\t\t<div class=\"elementor-spacer\">\n\t\t\t<div class=\"elementor-spacer-inner\"><\/div>\n\t\t<\/div>\n\t\t\t\t<\/div>\n\t\t\t\t<\/div>\n\t\t\t\t<div class=\"elementor-element elementor-element-421c276 elementor-widget elementor-widget-kyl_text\" data-id=\"421c276\" data-element_type=\"widget\" data-widget_type=\"kyl_text.default\">\n\t\t\t\t<div class=\"elementor-widget-container\">\n\t\t\t\n        <div class=\"kyl_text is-left\">\n            <div class=\"container\">\n\t\t\t\t\n\t\t\t                <div class=\"text\">\n\t\t\t\t\t<p><span style=\"font-weight: 400;\">Chaque groupe ethnique a ses propres traditions, langues et coutumes. Les Bambaras, les Dogons, les Touaregs et les Peuls ne sont que quelques-unes des communaut\u00e9s dynamiques qui contribuent au tissu culturel du Mali. Les Bambaras constituent le groupe ethnique le plus important du Mali, repr\u00e9sentant 35 % de la population. Cependant, il ne faut pas consid\u00e9rer les diff\u00e9rents groupes ethniques du Mali comme des soci\u00e9t\u00e9s strictement s\u00e9par\u00e9es : Les habitats se chevauchent et les \u00e9changes culturels sont constants.<\/span><\/p><p><span style=\"font-weight: 400;\">L'islam est la religion dominante au Mali, la majorit\u00e9 de la population adh\u00e9rant \u00e0 la branche sunnite de l'islam. L'islam a \u00e9t\u00e9 introduit dans la r\u00e9gion au IXe si\u00e8cle, principalement gr\u00e2ce aux efforts des commer\u00e7ants et des apprenants arabes et berb\u00e8res.<\/span><\/p>                <\/div>\n\t\t\t\n\t\t\t        <\/div>\n        <\/div>\n\t\t\t\t<\/div>\n\t\t\t\t<\/div>\n\t\t\t\t<div class=\"elementor-element elementor-element-13b4718 elementor-widget elementor-widget-spacer\" data-id=\"13b4718\" data-element_type=\"widget\" data-widget_type=\"spacer.default\">\n\t\t\t\t<div class=\"elementor-widget-container\">\n\t\t\t\t\t<div class=\"elementor-spacer\">\n\t\t\t<div class=\"elementor-spacer-inner\"><\/div>\n\t\t<\/div>\n\t\t\t\t<\/div>\n\t\t\t\t<\/div>\n\t\t\t\t<div class=\"elementor-element elementor-element-ab5ddd3 width-full_width elementor-widget elementor-widget-kyl_images\" data-id=\"ab5ddd3\" data-element_type=\"widget\" data-widget_type=\"kyl_images.default\">\n\t\t\t\t<div class=\"elementor-widget-container\">\n\t\t\t\n        <div class=\"kyl_images\" data-count=\"2\">\n\n\t\t\t                <div class=\"image image1 \">\n\t\t\t\t\t<img decoding=\"async\" src=\"https:\/\/www.africagreentec.com\/wp-content\/uploads\/2023\/11\/PatrickReimers_DSF7525-Kopie.jpg\" title=\"PatrickReimers_DSF7525 Kopie\" alt=\"PatrickReimers_DSF7525 Kopie\" loading=\"lazy\" \/>\n\t\t\t\t\t                <\/div>\n\t\t\t\n\t\t\t                <div class=\"image image2 \">\n\t\t\t\t\t<img decoding=\"async\" src=\"https:\/\/www.africagreentec.com\/wp-content\/uploads\/2023\/11\/PatrickReimers_DSF7723.jpg\" title=\"PatrickReimers_DSF7723\" alt=\"PatrickReimers_DSF7723\" loading=\"lazy\" \/>\n\t\t\t\t\t                <\/div>\n\t\t\t\n\n        <\/div>\n\n\t\t\t\t<\/div>\n\t\t\t\t<\/div>\n\t\t\t\t<div class=\"elementor-element elementor-element-1900f0d elementor-widget elementor-widget-spacer\" data-id=\"1900f0d\" data-element_type=\"widget\" data-widget_type=\"spacer.default\">\n\t\t\t\t<div class=\"elementor-widget-container\">\n\t\t\t\t\t<div class=\"elementor-spacer\">\n\t\t\t<div class=\"elementor-spacer-inner\"><\/div>\n\t\t<\/div>\n\t\t\t\t<\/div>\n\t\t\t\t<\/div>\n\t\t\t\t\t<\/div>\n\t\t<\/div>\n\t\t\t\t\t\t\t<\/div>\n\t\t<\/section>\n\t\t\t\t<section class=\"elementor-section elementor-top-section elementor-element elementor-element-c020c22 elementor-section-boxed elementor-section-height-default elementor-section-height-default\" data-id=\"c020c22\" data-element_type=\"section\">\n\t\t\t\t\t\t<div class=\"elementor-container elementor-column-gap-default\">\n\t\t\t\t\t<div class=\"elementor-column elementor-col-100 elementor-top-column elementor-element elementor-element-b1666d2\" data-id=\"b1666d2\" data-element_type=\"column\">\n\t\t\t<div class=\"elementor-widget-wrap elementor-element-populated\">\n\t\t\t\t\t\t\t\t<div class=\"elementor-element elementor-element-ef8c0b9 elementor-widget elementor-widget-kyl_text\" data-id=\"ef8c0b9\" data-element_type=\"widget\" data-widget_type=\"kyl_text.default\">\n\t\t\t\t<div class=\"elementor-widget-container\">\n\t\t\t\n        <div class=\"kyl_text is-left\">\n            <div class=\"container\">\n\t\t\t\t                <h3 class=\"headline\">\n\t\t\t\tLe principal pilier de l'\u00e9conomie : l'agriculture            <\/h3>\n\t\t\t\n\t\t\t                <div class=\"text\">\n\t\t\t\t\t<p><span style=\"font-weight: 400;\">En raison de la situation g\u00e9ographique particuli\u00e8re du Sahara, des conditions climatiques sp\u00e9ciales pr\u00e9valent. Caract\u00e9ris\u00e9es par de longues p\u00e9riodes de s\u00e9cheresse et de fortes pluies peu fr\u00e9quentes, qui ne peuvent \u00eatre absorb\u00e9es par le sol sec et dur, l'agriculture est difficile. En raison de l'absence de pompes \u00e0 eau ou de leur manque de fiabilit\u00e9 et de leur co\u00fbt \u00e9lev\u00e9, l'agriculture pluviale est souvent la seule option. Il s'agit d'une forme d'agriculture dans laquelle l'eau n\u00e9cessaire aux cultures est fournie par les pr\u00e9cipitations et aucune irrigation artificielle suppl\u00e9mentaire n'est utilis\u00e9e. <\/span><\/p>                <\/div>\n\t\t\t\n\t\t\t        <\/div>\n        <\/div>\n\t\t\t\t<\/div>\n\t\t\t\t<\/div>\n\t\t\t\t<div class=\"elementor-element elementor-element-c51875b elementor-widget elementor-widget-spacer\" data-id=\"c51875b\" data-element_type=\"widget\" data-widget_type=\"spacer.default\">\n\t\t\t\t<div class=\"elementor-widget-container\">\n\t\t\t\t\t<div class=\"elementor-spacer\">\n\t\t\t<div class=\"elementor-spacer-inner\"><\/div>\n\t\t<\/div>\n\t\t\t\t<\/div>\n\t\t\t\t<\/div>\n\t\t\t\t<div class=\"elementor-element elementor-element-0724fb4 width-full_width elementor-widget elementor-widget-kyl_images\" data-id=\"0724fb4\" data-element_type=\"widget\" data-widget_type=\"kyl_images.default\">\n\t\t\t\t<div class=\"elementor-widget-container\">\n\t\t\t\n        <div class=\"kyl_images\" data-count=\"2\">\n\n\t\t\t                <div class=\"image image1 \">\n\t\t\t\t\t<img decoding=\"async\" src=\"https:\/\/www.africagreentec.com\/wp-content\/uploads\/2023\/11\/PatrickReimers_MG_2302.jpg\" title=\"PatrickReimers_MG_2302\" alt=\"PatrickReimers_MG_2302\" loading=\"lazy\" \/>\n\t\t\t\t\t                <\/div>\n\t\t\t\n\t\t\t                <div class=\"image image2 \">\n\t\t\t\t\t<img decoding=\"async\" src=\"https:\/\/www.africagreentec.com\/wp-content\/uploads\/2023\/11\/PatrickReimers_DSF7903.jpg\" title=\"PatrickReimers_DSF7903\" alt=\"PatrickReimers_DSF7903\" loading=\"lazy\" \/>\n\t\t\t\t\t                <\/div>\n\t\t\t\n\n        <\/div>\n\n\t\t\t\t<\/div>\n\t\t\t\t<\/div>\n\t\t\t\t<div class=\"elementor-element elementor-element-82aec78 elementor-widget elementor-widget-spacer\" data-id=\"82aec78\" data-element_type=\"widget\" data-widget_type=\"spacer.default\">\n\t\t\t\t<div class=\"elementor-widget-container\">\n\t\t\t\t\t<div class=\"elementor-spacer\">\n\t\t\t<div class=\"elementor-spacer-inner\"><\/div>\n\t\t<\/div>\n\t\t\t\t<\/div>\n\t\t\t\t<\/div>\n\t\t\t\t<div class=\"elementor-element elementor-element-ba184f5 elementor-widget elementor-widget-kyl_text\" data-id=\"ba184f5\" data-element_type=\"widget\" data-widget_type=\"kyl_text.default\">\n\t\t\t\t<div class=\"elementor-widget-container\">\n\t\t\t\n        <div class=\"kyl_text is-left\">\n            <div class=\"container\">\n\t\t\t\t\n\t\t\t                <div class=\"text\">\n\t\t\t\t\t<p><span style=\"font-weight: 400;\">Par cons\u00e9quent, les agriculteurs sont oblig\u00e9s de se d\u00e9placer tous les deux ans pour \u00e9viter la surexploitation du sol. Cela n'est g\u00e9n\u00e9ralement pas possible pour des raisons financi\u00e8res et de manque de nourriture, de sorte qu'apr\u00e8s quelques ann\u00e9es d'utilisation, le champ devient \"mort\". Ainsi, la terre utilisable est non seulement soumise \u00e0 des conditions difficiles, mais sa superficie devient de plus en plus petite. En outre, selon la FAO, environ 40 % des r\u00e9coltes de fruits et l\u00e9gumes se g\u00e2tent parce que les gens n'ont pas la possibilit\u00e9 de les r\u00e9frig\u00e9rer.\u00a0<\/span><\/p><p><span style=\"font-weight: 400;\">La crise climatique se poursuit, tout comme la d\u00e9sertification. La d\u00e9sertification d\u00e9crit l'extension du d\u00e9sert, qui affecte particuli\u00e8rement les agriculteurs du Mali (environ 62 % de la population est active dans l'agriculture).\u00a0<\/span><\/p><p><span style=\"font-weight: 400;\">En raison d'un manque d'infrastructures et de ressources, le Mali est class\u00e9 186 sur 191 sur l'indice de d\u00e9veloppement humain en 2022, selon le BMZ.<\/span><\/p>                <\/div>\n\t\t\t\n\t\t\t        <\/div>\n        <\/div>\n\t\t\t\t<\/div>\n\t\t\t\t<\/div>\n\t\t\t\t<div class=\"elementor-element elementor-element-d117843 elementor-widget elementor-widget-spacer\" data-id=\"d117843\" data-element_type=\"widget\" data-widget_type=\"spacer.default\">\n\t\t\t\t<div class=\"elementor-widget-container\">\n\t\t\t\t\t<div class=\"elementor-spacer\">\n\t\t\t<div class=\"elementor-spacer-inner\"><\/div>\n\t\t<\/div>\n\t\t\t\t<\/div>\n\t\t\t\t<\/div>\n\t\t\t\t<div class=\"elementor-element elementor-element-63bfbad width-full_width elementor-widget elementor-widget-kyl_images\" data-id=\"63bfbad\" data-element_type=\"widget\" data-widget_type=\"kyl_images.default\">\n\t\t\t\t<div class=\"elementor-widget-container\">\n\t\t\t\n        <div class=\"kyl_images\" data-count=\"1\">\n\n\t\t\t                <div class=\"image image1 \">\n\t\t\t\t\t<img decoding=\"async\" src=\"https:\/\/www.africagreentec.com\/wp-content\/uploads\/2023\/11\/Djoliba7.jpg\" title=\"Created with GIMP\" alt=\"Created with GIMP\" loading=\"lazy\" \/>\n\t\t\t\t\t                <\/div>\n\t\t\t\n\t\t\t\n\n        <\/div>\n\n\t\t\t\t<\/div>\n\t\t\t\t<\/div>\n\t\t\t\t<div class=\"elementor-element elementor-element-680f175 elementor-widget elementor-widget-spacer\" data-id=\"680f175\" data-element_type=\"widget\" data-widget_type=\"spacer.default\">\n\t\t\t\t<div class=\"elementor-widget-container\">\n\t\t\t\t\t<div class=\"elementor-spacer\">\n\t\t\t<div class=\"elementor-spacer-inner\"><\/div>\n\t\t<\/div>\n\t\t\t\t<\/div>\n\t\t\t\t<\/div>\n\t\t\t\t\t<\/div>\n\t\t<\/div>\n\t\t\t\t\t\t\t<\/div>\n\t\t<\/section>\n\t\t\t\t<section class=\"elementor-section elementor-top-section elementor-element elementor-element-fdef321 elementor-section-boxed elementor-section-height-default elementor-section-height-default\" data-id=\"fdef321\" data-element_type=\"section\">\n\t\t\t\t\t\t<div class=\"elementor-container elementor-column-gap-default\">\n\t\t\t\t\t<div class=\"elementor-column elementor-col-100 elementor-top-column elementor-element elementor-element-a4b2dd9\" data-id=\"a4b2dd9\" data-element_type=\"column\">\n\t\t\t<div class=\"elementor-widget-wrap elementor-element-populated\">\n\t\t\t\t\t\t\t\t<div class=\"elementor-element elementor-element-b944e35 elementor-widget elementor-widget-kyl_text\" data-id=\"b944e35\" data-element_type=\"widget\" data-widget_type=\"kyl_text.default\">\n\t\t\t\t<div class=\"elementor-widget-container\">\n\t\t\t\n        <div class=\"kyl_text is-left\">\n            <div class=\"container\">\n\t\t\t\t                <h3 class=\"headline\">\n\t\t\t\tLa situation actuelle du Mali            <\/h3>\n\t\t\t\n\t\t\t                <div class=\"text\">\n\t\t\t\t\t<p><span style=\"font-weight: 400;\">Le Mali est un pays d'une grande diversit\u00e9, plein de possibilit\u00e9s pour un avenir meilleur, mais il ne faut pas ignorer les challenges. Sur le plan politique en particulier, la situation n'a cess\u00e9 de se d\u00e9grader au cours des derni\u00e8res ann\u00e9es.\u00a0\u00a0<\/span><\/p><p><span style=\"font-weight: 400;\">Depuis les ann\u00e9es 1960, les Touaregs, des colons errants dans le pays, se sont rebell\u00e9s \u00e0 plusieurs reprises. Mais en 2012, les Touaregs ont envahi le Mali, arm\u00e9s pour appliquer la charia. D'autres groupes arm\u00e9s ont \u00e9galement envahi le pays au fil du temps. Depuis 2012, l'Organisation des Nations unies (ONU) tente d'aider le peuple malien. Des soldats allemands sont \u00e9galement pr\u00e9sents pour les soutenir. Cependant, le gouvernement malien refuse d'accepter l'aide de l'ONU.<\/span><\/p>                <\/div>\n\t\t\t\n\t\t\t        <\/div>\n        <\/div>\n\t\t\t\t<\/div>\n\t\t\t\t<\/div>\n\t\t\t\t<div class=\"elementor-element elementor-element-cf3223f elementor-widget elementor-widget-spacer\" data-id=\"cf3223f\" data-element_type=\"widget\" data-widget_type=\"spacer.default\">\n\t\t\t\t<div class=\"elementor-widget-container\">\n\t\t\t\t\t<div class=\"elementor-spacer\">\n\t\t\t<div class=\"elementor-spacer-inner\"><\/div>\n\t\t<\/div>\n\t\t\t\t<\/div>\n\t\t\t\t<\/div>\n\t\t\t\t\t<\/div>\n\t\t<\/div>\n\t\t\t\t\t\t\t<\/div>\n\t\t<\/section>\n\t\t\t\t<section class=\"elementor-section elementor-top-section elementor-element elementor-element-eb80bdd elementor-section-full_width elementor-section-height-default elementor-section-height-default\" data-id=\"eb80bdd\" data-element_type=\"section\">\n\t\t\t\t\t\t<div class=\"elementor-container elementor-column-gap-default\">\n\t\t\t\t\t<div class=\"elementor-column elementor-col-100 elementor-top-column elementor-element elementor-element-776949a\" data-id=\"776949a\" data-element_type=\"column\">\n\t\t\t<div class=\"elementor-widget-wrap elementor-element-populated\">\n\t\t\t\t\t\t\t\t<div class=\"elementor-element elementor-element-026ce42 elementor-widget elementor-widget-kyl_image_teaser_slant_medium\" data-id=\"026ce42\" data-element_type=\"widget\" data-widget_type=\"kyl_image_teaser_slant_medium.default\">\n\t\t\t\t<div class=\"elementor-widget-container\">\n\t\t\t\n        <div class=\"kyl_image_teaser_slant_medium\">\n            <div class=\"container is-right\">\n                <div class=\"wrapper-image\">\n\t\t\t\t\t\t\t\t\t\t\t                        <img decoding=\"async\" src=\"https:\/\/www.africagreentec.com\/wp-content\/uploads\/2023\/11\/PatrickReimers_DSF5909.jpg\" alt=\"PatrickReimers_DSF5909\" title=\"PatrickReimers_DSF5909\" class=\"image calc-slant calc-slant-left\">\n\t\t\t\t\t                <\/div>\n                <div class=\"wrapper-text\">\n\n\t\t\t\t\t\n\t\t\t\t\t<h3                    class=\"headline\">\n\t\t\t\t\t\t\t\t\t\t<p>Africa GreenTec et le Mali<\/p>                <\/h3>\n\t\t\t\t                    <div class=\"text\">\n\t\t\t\t\t\t<p><span style=\"font-weight: 400;\">Le Mali est confront\u00e9 \u00e0 d'importants d\u00e9fis en mati\u00e8re d'\u00e9nergie. Plus de 60 % de sa population vit dans des zones rurales, o\u00f9 l'acc\u00e8s \u00e0 l'\u00e9lectricit\u00e9 est rare, voire inexistant. La d\u00e9pendance \u00e0 l'\u00e9gard de sources d'\u00e9nergie co\u00fbteuses et polluantes, telles que les g\u00e9n\u00e9rateurs diesel et les lampes \u00e0 p\u00e9trole, entrave le d\u00e9veloppement et perp\u00e9tue le cycle de la pauvret\u00e9 \u00e9nerg\u00e9tique.\u00a0<\/span><\/p><p><span style=\"font-weight: 400;\">Le Mali, pays d'origine de notre fondatrice Aida Schreiber, a \u00e9t\u00e9 le premier pays o\u00f9 nous avons \u00e9t\u00e9 actifs et o\u00f9 notre histoire a commenc\u00e9 : L'id\u00e9e d'Africa GreenTec est n\u00e9e au Mali en juin 2014, lorsque Aida et Torsten Schreiber ont \u00e9t\u00e9 invit\u00e9s par le pr\u00e9sident malien \u00e0 examiner l'approvisionnement \u00e9nerg\u00e9tique du pays. Apr\u00e8s avoir visit\u00e9 une centrale diesel de 20 m\u00e9gawatts dans la capitale Bamako, leur vie a chang\u00e9. La centrale visit\u00e9e a \u00e9t\u00e9 construite dans les ann\u00e9es 1960 et, avec deux autres centrales diesel, elle est charg\u00e9e de contr\u00f4ler la charge de base de la m\u00e9tropole malienne qui compte des millions d'habitants. Elle br\u00fble 170 000 litres de diesel par jour avec un rendement d'un peu plus de 10 %, \u00e0 une temp\u00e9rature ext\u00e9rieure de 45 \u00b0C \u00e0 l'ombre. Tout cela dans un pays qui compte en moyenne 3 000 heures d'ensoleillement par an. Le diesel doit \u00eatre livr\u00e9 quotidiennement par 10 camions remorques sur une route endommag\u00e9e \u00e0 1 500 kilom\u00e8tres du port s\u00e9n\u00e9galais de Dakar.<\/span><\/p>                    <\/div>\n\t\t\t\t\n\t\t\t\t\n            <\/div>\n        <\/div>\n        <\/div>\n\n\t\t\t\t<\/div>\n\t\t\t\t<\/div>\n\t\t\t\t<div class=\"elementor-element elementor-element-31f5276 elementor-widget elementor-widget-spacer\" data-id=\"31f5276\" data-element_type=\"widget\" data-widget_type=\"spacer.default\">\n\t\t\t\t<div class=\"elementor-widget-container\">\n\t\t\t\t\t<div class=\"elementor-spacer\">\n\t\t\t<div class=\"elementor-spacer-inner\"><\/div>\n\t\t<\/div>\n\t\t\t\t<\/div>\n\t\t\t\t<\/div>\n\t\t\t\t\t<\/div>\n\t\t<\/div>\n\t\t\t\t\t\t\t<\/div>\n\t\t<\/section>\n\t\t\t\t<section class=\"elementor-section elementor-top-section elementor-element elementor-element-5ce6a3c elementor-section-boxed elementor-section-height-default elementor-section-height-default\" data-id=\"5ce6a3c\" data-element_type=\"section\">\n\t\t\t\t\t\t<div class=\"elementor-container elementor-column-gap-default\">\n\t\t\t\t\t<div class=\"elementor-column elementor-col-100 elementor-top-column elementor-element elementor-element-a30b622\" data-id=\"a30b622\" data-element_type=\"column\">\n\t\t\t<div class=\"elementor-widget-wrap elementor-element-populated\">\n\t\t\t\t\t\t\t\t<div class=\"elementor-element elementor-element-718213e elementor-widget elementor-widget-kyl_text\" data-id=\"718213e\" data-element_type=\"widget\" data-widget_type=\"kyl_text.default\">\n\t\t\t\t<div class=\"elementor-widget-container\">\n\t\t\t\n        <div class=\"kyl_text is-left\">\n            <div class=\"container\">\n\t\t\t\t\n\t\t\t                <div class=\"text\">\n\t\t\t\t\t<p><span style=\"font-weight: 400;\">Cette exp\u00e9rience a pos\u00e9 les bases d'Africa GreenTec et du r\u00eave d'autonomiser les populations gr\u00e2ce \u00e0 des solutions \u00e9nerg\u00e9tiques durables, telles que l'\u00e9nergie solaire.\u00a0<\/span><\/p><p><span style=\"font-weight: 400;\">En 2016, nous avons install\u00e9 le premier Solartainer au monde \u00e0 Mourdiah, au Mali. Depuis, beaucoup de choses se sont pass\u00e9es : Au cours des prochaines ann\u00e9es, 19 autres projets d'\u00e9lectrification ont \u00e9t\u00e9 r\u00e9alis\u00e9s en plus de ceux du Mali. Sur ces ImpactSites, nous voulons \u00e9tendre nos services avec nos ImpactProducts tels que le Cooltainer, le Watertainer et les PumpUPs afin d'augmenter notre impact et apporter notre soutien aux communaut\u00e9s.<\/span><\/p>                <\/div>\n\t\t\t\n\t\t\t        <\/div>\n        <\/div>\n\t\t\t\t<\/div>\n\t\t\t\t<\/div>\n\t\t\t\t<div class=\"elementor-element elementor-element-ac79d24 elementor-widget elementor-widget-spacer\" data-id=\"ac79d24\" data-element_type=\"widget\" data-widget_type=\"spacer.default\">\n\t\t\t\t<div class=\"elementor-widget-container\">\n\t\t\t\t\t<div class=\"elementor-spacer\">\n\t\t\t<div class=\"elementor-spacer-inner\"><\/div>\n\t\t<\/div>\n\t\t\t\t<\/div>\n\t\t\t\t<\/div>\n\t\t\t\t<div class=\"elementor-element elementor-element-84b1152 width-full_width elementor-widget elementor-widget-kyl_images\" data-id=\"84b1152\" data-element_type=\"widget\" data-widget_type=\"kyl_images.default\">\n\t\t\t\t<div class=\"elementor-widget-container\">\n\t\t\t\n        <div class=\"kyl_images\" data-count=\"1\">\n\n\t\t\t                <div class=\"image image1 \">\n\t\t\t\t\t<img decoding=\"async\" src=\"https:\/\/www.africagreentec.com\/wp-content\/uploads\/2023\/11\/PatrickReimersDJI_0727.jpg\" title=\"PatrickReimersDJI_0727\" alt=\"PatrickReimersDJI_0727\" loading=\"lazy\" \/>\n\t\t\t\t\t                <\/div>\n\t\t\t\n\t\t\t\n\n        <\/div>\n\n\t\t\t\t<\/div>\n\t\t\t\t<\/div>\n\t\t\t\t<div class=\"elementor-element elementor-element-c64d6c3 elementor-widget elementor-widget-spacer\" data-id=\"c64d6c3\" data-element_type=\"widget\" data-widget_type=\"spacer.default\">\n\t\t\t\t<div class=\"elementor-widget-container\">\n\t\t\t\t\t<div class=\"elementor-spacer\">\n\t\t\t<div class=\"elementor-spacer-inner\"><\/div>\n\t\t<\/div>\n\t\t\t\t<\/div>\n\t\t\t\t<\/div>\n\t\t\t\t\t<\/div>\n\t\t<\/div>\n\t\t\t\t\t\t\t<\/div>\n\t\t<\/section>\n\t\t\t\t<section class=\"elementor-section elementor-top-section elementor-element elementor-element-081cc0d elementor-section-boxed elementor-section-height-default elementor-section-height-default\" data-id=\"081cc0d\" data-element_type=\"section\">\n\t\t\t\t\t\t<div class=\"elementor-container elementor-column-gap-default\">\n\t\t\t\t\t<div class=\"elementor-column elementor-col-100 elementor-top-column elementor-element elementor-element-eb4c355\" data-id=\"eb4c355\" data-element_type=\"column\">\n\t\t\t<div class=\"elementor-widget-wrap elementor-element-populated\">\n\t\t\t\t\t\t\t\t<div class=\"elementor-element elementor-element-4482d8a elementor-widget elementor-widget-kyl_teaser_contentpage\" data-id=\"4482d8a\" data-element_type=\"widget\" data-widget_type=\"kyl_teaser_contentpage.default\">\n\t\t\t\t<div class=\"elementor-widget-container\">\n\t\t\t\n        <div class=\"kyl_teaser_contentpage color-light-sage\">\n\n                            <h3 class=\"headline\">\n                    COUNTRY&shy;STORIES                <\/h3>\n            \n            <div class=\"swiper\">\n                <div class=\"swiper-wrapper\">\n                                            <div class=\"swiper-slide\">\n                                                        <a href=\"https:\/\/www.africagreentec.com\/fr\/impactblog\/countrystory-senegal-du-semi-desert-sec-a-la-foret-tropicale\/\">\n                                                            <img loading=\"lazy\" decoding=\"async\" width=\"300\" height=\"200\" src=\"https:\/\/www.africagreentec.com\/wp-content\/uploads\/2023\/06\/AGT01191-1200px-300x200.jpg\" class=\"image\" alt=\"AGT01191- 1200px\" title=\"AGT01191- 1200px\" srcset=\"https:\/\/www.africagreentec.com\/wp-content\/uploads\/2023\/06\/AGT01191-1200px-300x200.jpg 300w, https:\/\/www.africagreentec.com\/wp-content\/uploads\/2023\/06\/AGT01191-1200px-1024x683.jpg 1024w, https:\/\/www.africagreentec.com\/wp-content\/uploads\/2023\/06\/AGT01191-1200px-768x512.jpg 768w, https:\/\/www.africagreentec.com\/wp-content\/uploads\/2023\/06\/AGT01191-1200px.jpg 1200w\" sizes=\"auto, (max-width: 300px) 100vw, 300px\" \/>                                <div class=\"title\">\n                                    #CountryStory Senegal \u2013 du semi-d\u00e9sert sec \u00e0 la for\u00eat tropicale                                <\/div>\n                                                                <span class=\"icon\"><\/span>\n                            <\/a>\n                                                <\/div>\n                                            <div class=\"swiper-slide\">\n                                                        <a href=\"https:\/\/www.africagreentec.com\/fr\/impactblog\/countrystory-madagascar-unique-par-sa-nature-et-sa-culture\/\">\n                                                            <img loading=\"lazy\" decoding=\"async\" width=\"300\" height=\"193\" src=\"https:\/\/www.africagreentec.com\/wp-content\/uploads\/2021\/07\/image5-300x193.png\" class=\"image\" alt=\"image5\" title=\"image5\" srcset=\"https:\/\/www.africagreentec.com\/wp-content\/uploads\/2021\/07\/image5-300x193.png 300w, https:\/\/www.africagreentec.com\/wp-content\/uploads\/2021\/07\/image5-1024x660.png 1024w, https:\/\/www.africagreentec.com\/wp-content\/uploads\/2021\/07\/image5-768x495.png 768w, https:\/\/www.africagreentec.com\/wp-content\/uploads\/2021\/07\/image5-1536x990.png 1536w, https:\/\/www.africagreentec.com\/wp-content\/uploads\/2021\/07\/image5.png 1999w\" sizes=\"auto, (max-width: 300px) 100vw, 300px\" \/>                                <div class=\"title\">\n                                    #CountryStory Madagascar : Unique par sa nature et sa culture                                <\/div>\n                                                                <span class=\"icon\"><\/span>\n                            <\/a>\n                                                <\/div>\n                                            <div class=\"swiper-slide\">\n                                                        <a href=\"https:\/\/www.africagreentec.com\/fr\/impactblog\/countrystory-niger-als-neuer-markt-mit-grossen-chancen\/\">\n                                                            <img loading=\"lazy\" decoding=\"async\" width=\"300\" height=\"225\" src=\"https:\/\/www.africagreentec.com\/wp-content\/uploads\/2023\/03\/image5-300x225.jpg\" class=\"image\" alt=\"image5\" title=\"image5\" srcset=\"https:\/\/www.africagreentec.com\/wp-content\/uploads\/2023\/03\/image5-300x225.jpg 300w, https:\/\/www.africagreentec.com\/wp-content\/uploads\/2023\/03\/image5-1024x768.jpg 1024w, https:\/\/www.africagreentec.com\/wp-content\/uploads\/2023\/03\/image5-768x576.jpg 768w, https:\/\/www.africagreentec.com\/wp-content\/uploads\/2023\/03\/image5-1536x1153.jpg 1536w, https:\/\/www.africagreentec.com\/wp-content\/uploads\/2023\/03\/image5.jpg 1999w\" sizes=\"auto, (max-width: 300px) 100vw, 300px\" \/>                                <div class=\"title\">\n                                    #CountryStory Niger \u2013 Un nouveau march\u00e9 aux grandes opportunit\u00e9s                                <\/div>\n                                                                <span class=\"icon\"><\/span>\n                            <\/a>\n                                                <\/div>\n                                    <\/div>\n            <\/div>\n        <\/div>\n\n        \t\t<\/div>\n\t\t\t\t<\/div>\n\t\t\t\t\t<\/div>\n\t\t<\/div>\n\t\t\t\t\t\t\t<\/div>\n\t\t<\/section>\n\t\t\t\t\t\t\t<\/div>\n\t\t","protected":false},"featured_media":9851,"template":"","impactblog_kategorien":[67],"class_list":["post-10076","impactblog","type-impactblog","status-publish","has-post-thumbnail","hentry","impactblog_kategorien-countrystories-fr"],"acf":[],"yoast_head":"<!-- This site is optimized with the Yoast SEO plugin v21.4 - https:\/\/yoast.com\/wordpress\/plugins\/seo\/ -->\n<title>#CountryStory Mali - Africa GreenTec AG<\/title>\n<meta name=\"description\" content=\"D\u00e9couvrez notre blog sur l&#039;Afrique, lisez l&#039;histoire et la culture du Mali, apprenez comment l&#039;\u00e9nergie solaire peut changer le pays.\" \/>\n<meta name=\"robots\" content=\"index, follow, max-snippet:-1, max-image-preview:large, max-video-preview:-1\" \/>\n<link rel=\"canonical\" href=\"https:\/\/www.africagreentec.com\/fr\/impactblog\/countrystory-mali\/\" \/>\n<meta property=\"og:locale\" content=\"fr_FR\" \/>\n<meta property=\"og:type\" content=\"article\" \/>\n<meta property=\"og:title\" content=\"#CountryStory Mali - Africa GreenTec AG\" \/>\n<meta property=\"og:description\" content=\"D\u00e9couvrez notre blog sur l&#039;Afrique, lisez l&#039;histoire et la culture du Mali, apprenez comment l&#039;\u00e9nergie solaire peut changer le pays.\" \/>\n<meta property=\"og:url\" content=\"https:\/\/www.africagreentec.com\/fr\/impactblog\/countrystory-mali\/\" \/>\n<meta property=\"og:site_name\" content=\"Africa GreenTec AG\" \/>\n<meta property=\"article:publisher\" content=\"https:\/\/de-de.facebook.com\/AfricaGreenTec\/\" \/>\n<meta property=\"article:modified_time\" content=\"2024-10-24T12:46:57+00:00\" \/>\n<meta property=\"og:image\" content=\"https:\/\/www.africagreentec.com\/wp-content\/uploads\/2023\/11\/PatrickReimers_DSF7723.jpg\" \/>\n\t<meta property=\"og:image:width\" content=\"1920\" \/>\n\t<meta property=\"og:image:height\" content=\"1280\" \/>\n\t<meta property=\"og:image:type\" content=\"image\/jpeg\" \/>\n<meta name=\"twitter:card\" content=\"summary_large_image\" \/>\n<meta name=\"twitter:site\" content=\"@AfricaGreenTec\" \/>\n<meta name=\"twitter:label1\" content=\"Dur\u00e9e de lecture estim\u00e9e\" \/>\n\t<meta name=\"twitter:data1\" content=\"9 minutes\" \/>\n<script type=\"application\/ld+json\" class=\"yoast-schema-graph\">{\"@context\":\"https:\/\/schema.org\",\"@graph\":[{\"@type\":\"WebPage\",\"@id\":\"https:\/\/www.africagreentec.com\/fr\/impactblog\/countrystory-mali\/\",\"url\":\"https:\/\/www.africagreentec.com\/fr\/impactblog\/countrystory-mali\/\",\"name\":\"#CountryStory Mali - Africa GreenTec AG\",\"isPartOf\":{\"@id\":\"https:\/\/www.africagreentec.com\/fr\/#website\"},\"datePublished\":\"2023-11-07T09:07:41+00:00\",\"dateModified\":\"2024-10-24T12:46:57+00:00\",\"description\":\"D\u00e9couvrez notre blog sur l'Afrique, lisez l'histoire et la culture du Mali, apprenez comment l'\u00e9nergie solaire peut changer le pays.\",\"breadcrumb\":{\"@id\":\"https:\/\/www.africagreentec.com\/fr\/impactblog\/countrystory-mali\/#breadcrumb\"},\"inLanguage\":\"fr-FR\",\"potentialAction\":[{\"@type\":\"ReadAction\",\"target\":[\"https:\/\/www.africagreentec.com\/fr\/impactblog\/countrystory-mali\/\"]}]},{\"@type\":\"BreadcrumbList\",\"@id\":\"https:\/\/www.africagreentec.com\/fr\/impactblog\/countrystory-mali\/#breadcrumb\",\"itemListElement\":[{\"@type\":\"ListItem\",\"position\":1,\"name\":\"Startseite\",\"item\":\"https:\/\/www.africagreentec.com\/fr\/\"},{\"@type\":\"ListItem\",\"position\":2,\"name\":\"Impactblog\",\"item\":\"https:\/\/www.africagreentec.com\/fr\/impactblog\/\"},{\"@type\":\"ListItem\",\"position\":3,\"name\":\"#CountryStory Mali\"}]},{\"@type\":\"WebSite\",\"@id\":\"https:\/\/www.africagreentec.com\/fr\/#website\",\"url\":\"https:\/\/www.africagreentec.com\/fr\/\",\"name\":\"Africa GreenTec AG\",\"description\":\"\",\"publisher\":{\"@id\":\"https:\/\/www.africagreentec.com\/fr\/#organization\"},\"potentialAction\":[{\"@type\":\"SearchAction\",\"target\":{\"@type\":\"EntryPoint\",\"urlTemplate\":\"https:\/\/www.africagreentec.com\/fr\/?s={search_term_string}\"},\"query-input\":\"required name=search_term_string\"}],\"inLanguage\":\"fr-FR\"},{\"@type\":\"Organization\",\"@id\":\"https:\/\/www.africagreentec.com\/fr\/#organization\",\"name\":\"Africa GreenTec AG\",\"url\":\"https:\/\/www.africagreentec.com\/fr\/\",\"logo\":{\"@type\":\"ImageObject\",\"inLanguage\":\"fr-FR\",\"@id\":\"https:\/\/www.africagreentec.com\/fr\/#\/schema\/logo\/image\/\",\"url\":\"https:\/\/www.africagreentec.com\/wp-content\/uploads\/2023\/01\/AGT_Logo_BC-22-07-22.svg\",\"contentUrl\":\"https:\/\/www.africagreentec.com\/wp-content\/uploads\/2023\/01\/AGT_Logo_BC-22-07-22.svg\",\"width\":580,\"height\":249,\"caption\":\"Africa GreenTec AG\"},\"image\":{\"@id\":\"https:\/\/www.africagreentec.com\/fr\/#\/schema\/logo\/image\/\"},\"sameAs\":[\"https:\/\/de-de.facebook.com\/AfricaGreenTec\/\",\"https:\/\/twitter.com\/AfricaGreenTec\",\"https:\/\/de.linkedin.com\/company\/africa-greentec\",\"https:\/\/www.instagram.com\/africa_greentec\/\"]}]}<\/script>\n<!-- \/ Yoast SEO plugin. -->","yoast_head_json":{"title":"#CountryStory Mali - Africa GreenTec AG","description":"D\u00e9couvrez notre blog sur l'Afrique, lisez l'histoire et la culture du Mali, apprenez comment l'\u00e9nergie solaire peut changer le pays.","robots":{"index":"index","follow":"follow","max-snippet":"max-snippet:-1","max-image-preview":"max-image-preview:large","max-video-preview":"max-video-preview:-1"},"canonical":"https:\/\/www.africagreentec.com\/fr\/impactblog\/countrystory-mali\/","og_locale":"fr_FR","og_type":"article","og_title":"#CountryStory Mali - Africa GreenTec AG","og_description":"D\u00e9couvrez notre blog sur l'Afrique, lisez l'histoire et la culture du Mali, apprenez comment l'\u00e9nergie solaire peut changer le pays.","og_url":"https:\/\/www.africagreentec.com\/fr\/impactblog\/countrystory-mali\/","og_site_name":"Africa GreenTec AG","article_publisher":"https:\/\/de-de.facebook.com\/AfricaGreenTec\/","article_modified_time":"2024-10-24T12:46:57+00:00","og_image":[{"width":1920,"height":1280,"url":"https:\/\/www.africagreentec.com\/wp-content\/uploads\/2023\/11\/PatrickReimers_DSF7723.jpg","type":"image\/jpeg"}],"twitter_card":"summary_large_image","twitter_site":"@AfricaGreenTec","twitter_misc":{"Dur\u00e9e de lecture estim\u00e9e":"9 minutes"},"schema":{"@context":"https:\/\/schema.org","@graph":[{"@type":"WebPage","@id":"https:\/\/www.africagreentec.com\/fr\/impactblog\/countrystory-mali\/","url":"https:\/\/www.africagreentec.com\/fr\/impactblog\/countrystory-mali\/","name":"#CountryStory Mali - Africa GreenTec AG","isPartOf":{"@id":"https:\/\/www.africagreentec.com\/fr\/#website"},"datePublished":"2023-11-07T09:07:41+00:00","dateModified":"2024-10-24T12:46:57+00:00","description":"D\u00e9couvrez notre blog sur l'Afrique, lisez l'histoire et la culture du Mali, apprenez comment l'\u00e9nergie solaire peut changer le pays.","breadcrumb":{"@id":"https:\/\/www.africagreentec.com\/fr\/impactblog\/countrystory-mali\/#breadcrumb"},"inLanguage":"fr-FR","potentialAction":[{"@type":"ReadAction","target":["https:\/\/www.africagreentec.com\/fr\/impactblog\/countrystory-mali\/"]}]},{"@type":"BreadcrumbList","@id":"https:\/\/www.africagreentec.com\/fr\/impactblog\/countrystory-mali\/#breadcrumb","itemListElement":[{"@type":"ListItem","position":1,"name":"Startseite","item":"https:\/\/www.africagreentec.com\/fr\/"},{"@type":"ListItem","position":2,"name":"Impactblog","item":"https:\/\/www.africagreentec.com\/fr\/impactblog\/"},{"@type":"ListItem","position":3,"name":"#CountryStory Mali"}]},{"@type":"WebSite","@id":"https:\/\/www.africagreentec.com\/fr\/#website","url":"https:\/\/www.africagreentec.com\/fr\/","name":"Africa GreenTec AG","description":"","publisher":{"@id":"https:\/\/www.africagreentec.com\/fr\/#organization"},"potentialAction":[{"@type":"SearchAction","target":{"@type":"EntryPoint","urlTemplate":"https:\/\/www.africagreentec.com\/fr\/?s={search_term_string}"},"query-input":"required name=search_term_string"}],"inLanguage":"fr-FR"},{"@type":"Organization","@id":"https:\/\/www.africagreentec.com\/fr\/#organization","name":"Africa GreenTec AG","url":"https:\/\/www.africagreentec.com\/fr\/","logo":{"@type":"ImageObject","inLanguage":"fr-FR","@id":"https:\/\/www.africagreentec.com\/fr\/#\/schema\/logo\/image\/","url":"https:\/\/www.africagreentec.com\/wp-content\/uploads\/2023\/01\/AGT_Logo_BC-22-07-22.svg","contentUrl":"https:\/\/www.africagreentec.com\/wp-content\/uploads\/2023\/01\/AGT_Logo_BC-22-07-22.svg","width":580,"height":249,"caption":"Africa GreenTec AG"},"image":{"@id":"https:\/\/www.africagreentec.com\/fr\/#\/schema\/logo\/image\/"},"sameAs":["https:\/\/de-de.facebook.com\/AfricaGreenTec\/","https:\/\/twitter.com\/AfricaGreenTec","https:\/\/de.linkedin.com\/company\/africa-greentec","https:\/\/www.instagram.com\/africa_greentec\/"]}]}},"_links":{"self":[{"href":"https:\/\/www.africagreentec.com\/fr\/wp-json\/wp\/v2\/impactblog\/10076","targetHints":{"allow":["GET"]}}],"collection":[{"href":"https:\/\/www.africagreentec.com\/fr\/wp-json\/wp\/v2\/impactblog"}],"about":[{"href":"https:\/\/www.africagreentec.com\/fr\/wp-json\/wp\/v2\/types\/impactblog"}],"version-history":[{"count":21,"href":"https:\/\/www.africagreentec.com\/fr\/wp-json\/wp\/v2\/impactblog\/10076\/revisions"}],"predecessor-version":[{"id":69723,"href":"https:\/\/www.africagreentec.com\/fr\/wp-json\/wp\/v2\/impactblog\/10076\/revisions\/69723"}],"wp:featuredmedia":[{"embeddable":true,"href":"https:\/\/www.africagreentec.com\/fr\/wp-json\/wp\/v2\/media\/9851"}],"wp:attachment":[{"href":"https:\/\/www.africagreentec.com\/fr\/wp-json\/wp\/v2\/media?parent=10076"}],"wp:term":[{"taxonomy":"impactblog_kategorien","embeddable":true,"href":"https:\/\/www.africagreentec.com\/fr\/wp-json\/wp\/v2\/impactblog_kategorien?post=10076"}],"curies":[{"name":"wp","href":"https:\/\/api.w.org\/{rel}","templated":true}]}}