{"id":18114,"date":"2024-06-21T11:03:47","date_gmt":"2024-06-21T09:03:47","guid":{"rendered":"https:\/\/www.africagreentec.com\/?post_type=presse&#038;p=18114"},"modified":"2024-11-13T09:58:53","modified_gmt":"2024-11-13T08:58:53","slug":"torsten-schreiber-passe-le-relais-a-wolfgang-rams","status":"publish","type":"presse","link":"https:\/\/www.africagreentec.com\/fr\/presse\/torsten-schreiber-passe-le-relais-a-wolfgang-rams\/","title":{"rendered":"Torsten Schreiber passe le relais \u00e0 Wolfgang Rams"},"content":{"rendered":"\t\t<div data-elementor-type=\"wp-post\" data-elementor-id=\"18114\" class=\"elementor elementor-18114 elementor-18112\" data-elementor-post-type=\"presse\">\n\t\t\t\t\t\t\t\t\t<section class=\"elementor-section elementor-top-section elementor-element elementor-element-dcce7f1 elementor-section-boxed elementor-section-height-default elementor-section-height-default\" data-id=\"dcce7f1\" data-element_type=\"section\">\n\t\t\t\t\t\t<div class=\"elementor-container elementor-column-gap-default\">\n\t\t\t\t\t<div class=\"elementor-column elementor-col-100 elementor-top-column elementor-element elementor-element-161c25a\" data-id=\"161c25a\" data-element_type=\"column\">\n\t\t\t<div class=\"elementor-widget-wrap elementor-element-populated\">\n\t\t\t\t\t\t\t\t<div class=\"elementor-element elementor-element-5b06af3 elementor-widget elementor-widget-kyl_breadcrumb\" data-id=\"5b06af3\" data-element_type=\"widget\" data-widget_type=\"kyl_breadcrumb.default\">\n\t\t\t\t<div class=\"elementor-widget-container\">\n\t\t\t\n        <div class=\"kyl_breadcrumb\">\n            <div class=\"wrapper\">\n                <a class=\"home\" href=\"\/\">Home<\/a>\n\n\t\t\t\t            <span class=\"delimiter\"><\/span>\n\t\t\t                <span>Africa GreenTec apr\u00e8s 10 ans<\/span>\n\t\t\t            <\/div>\n        <\/div>\n\t\t\t\t<\/div>\n\t\t\t\t<\/div>\n\t\t\t\t<div class=\"elementor-element elementor-element-3bc2593 elementor-widget elementor-widget-spacer\" data-id=\"3bc2593\" data-element_type=\"widget\" data-widget_type=\"spacer.default\">\n\t\t\t\t<div class=\"elementor-widget-container\">\n\t\t\t<style>\/*! elementor - v3.16.0 - 17-10-2023 *\/\n.elementor-column .elementor-spacer-inner{height:var(--spacer-size)}.e-con{--container-widget-width:100%}.e-con-inner>.elementor-widget-spacer,.e-con>.elementor-widget-spacer{width:var(--container-widget-width,var(--spacer-size));--align-self:var(--container-widget-align-self,initial);--flex-shrink:0}.e-con-inner>.elementor-widget-spacer>.elementor-widget-container,.e-con>.elementor-widget-spacer>.elementor-widget-container{height:100%;width:100%}.e-con-inner>.elementor-widget-spacer>.elementor-widget-container>.elementor-spacer,.e-con>.elementor-widget-spacer>.elementor-widget-container>.elementor-spacer{height:100%}.e-con-inner>.elementor-widget-spacer>.elementor-widget-container>.elementor-spacer>.elementor-spacer-inner,.e-con>.elementor-widget-spacer>.elementor-widget-container>.elementor-spacer>.elementor-spacer-inner{height:var(--container-widget-height,var(--spacer-size))}.e-con-inner>.elementor-widget-spacer.elementor-widget-empty,.e-con>.elementor-widget-spacer.elementor-widget-empty{position:relative;min-height:22px;min-width:22px}.e-con-inner>.elementor-widget-spacer.elementor-widget-empty .elementor-widget-empty-icon,.e-con>.elementor-widget-spacer.elementor-widget-empty .elementor-widget-empty-icon{position:absolute;top:0;bottom:0;left:0;right:0;margin:auto;padding:0;width:22px;height:22px}<\/style>\t\t<div class=\"elementor-spacer\">\n\t\t\t<div class=\"elementor-spacer-inner\"><\/div>\n\t\t<\/div>\n\t\t\t\t<\/div>\n\t\t\t\t<\/div>\n\t\t\t\t<div class=\"elementor-element elementor-element-db24b57 elementor-widget elementor-widget-kyl_headline\" data-id=\"db24b57\" data-element_type=\"widget\" data-widget_type=\"kyl_headline.default\">\n\t\t\t\t<div class=\"elementor-widget-container\">\n\t\t\t\n        <div class=\"kyl_headline\">\n            <div class=\"container\">\n\n                <h1 class=\"headline\">\n                    Africa GreenTec apr\u00e8s 10 ans:<br>Torsten Schreiber passe le relais \u00e0 Wolfgang Rams                <\/h1>\n\n            <\/div>\n        <\/div>\n\n\t\t\t\t<\/div>\n\t\t\t\t<\/div>\n\t\t\t\t<div class=\"elementor-element elementor-element-aecdcd4 elementor-widget elementor-widget-spacer\" data-id=\"aecdcd4\" data-element_type=\"widget\" data-widget_type=\"spacer.default\">\n\t\t\t\t<div class=\"elementor-widget-container\">\n\t\t\t\t\t<div class=\"elementor-spacer\">\n\t\t\t<div class=\"elementor-spacer-inner\"><\/div>\n\t\t<\/div>\n\t\t\t\t<\/div>\n\t\t\t\t<\/div>\n\t\t\t\t<div class=\"elementor-element elementor-element-7f22ebf width-full_width elementor-widget elementor-widget-kyl_images\" data-id=\"7f22ebf\" data-element_type=\"widget\" data-widget_type=\"kyl_images.default\">\n\t\t\t\t<div class=\"elementor-widget-container\">\n\t\t\t\n        <div class=\"kyl_images\" data-count=\"1\">\n\n\t\t\t                <div class=\"image image1 \">\n\t\t\t\t\t<img decoding=\"async\" src=\"https:\/\/www.africagreentec.com\/wp-content\/uploads\/2024\/06\/Wolfgang-Torsten-in-Meo-scaled.jpg\" title=\"Wolfgang &#038; Torsten in Meo\" alt=\"Wolfgang & Torsten in Meo\" loading=\"lazy\" \/>\n\t\t\t\t\t                <\/div>\n\t\t\t\n\t\t\t\n\n        <\/div>\n\n\t\t\t\t<\/div>\n\t\t\t\t<\/div>\n\t\t\t\t<div class=\"elementor-element elementor-element-4d07395 elementor-widget elementor-widget-spacer\" data-id=\"4d07395\" data-element_type=\"widget\" data-widget_type=\"spacer.default\">\n\t\t\t\t<div class=\"elementor-widget-container\">\n\t\t\t\t\t<div class=\"elementor-spacer\">\n\t\t\t<div class=\"elementor-spacer-inner\"><\/div>\n\t\t<\/div>\n\t\t\t\t<\/div>\n\t\t\t\t<\/div>\n\t\t\t\t\t<\/div>\n\t\t<\/div>\n\t\t\t\t\t\t\t<\/div>\n\t\t<\/section>\n\t\t\t\t<section class=\"elementor-section elementor-top-section elementor-element elementor-element-962e357 elementor-section-boxed elementor-section-height-default elementor-section-height-default\" data-id=\"962e357\" data-element_type=\"section\">\n\t\t\t\t\t\t<div class=\"elementor-container elementor-column-gap-default\">\n\t\t\t\t\t<div class=\"elementor-column elementor-col-100 elementor-top-column elementor-element elementor-element-aabcd74\" data-id=\"aabcd74\" data-element_type=\"column\">\n\t\t\t<div class=\"elementor-widget-wrap elementor-element-populated\">\n\t\t\t\t\t\t\t\t<div class=\"elementor-element elementor-element-8cdf9ea elementor-widget elementor-widget-kyl_text\" data-id=\"8cdf9ea\" data-element_type=\"widget\" data-widget_type=\"kyl_text.default\">\n\t\t\t\t<div class=\"elementor-widget-container\">\n\t\t\t\n        <div class=\"kyl_text is-left\">\n            <div class=\"container\">\n\t\t\t\t\n\t\t\t                <div class=\"text\">\n\t\t\t\t\t<p dir=\"ltr\"><span style=\"font-weight: 400;\">Apr\u00e8s avoir \u00e9t\u00e9 nomm\u00e9 CEO \u00e0 la fin de l'ann\u00e9e 2023, Wolfgang Rams remplace comme pr\u00e9vu Torsten Schreiber au conseil d'administration, \u00e0 l'occasion du 10e anniversaire de l'entreprise.<\/span><\/p>                <\/div>\n\t\t\t\n\t\t\t        <\/div>\n        <\/div>\n\t\t\t\t<\/div>\n\t\t\t\t<\/div>\n\t\t\t\t<div class=\"elementor-element elementor-element-12f043f elementor-widget elementor-widget-spacer\" data-id=\"12f043f\" data-element_type=\"widget\" data-widget_type=\"spacer.default\">\n\t\t\t\t<div class=\"elementor-widget-container\">\n\t\t\t\t\t<div class=\"elementor-spacer\">\n\t\t\t<div class=\"elementor-spacer-inner\"><\/div>\n\t\t<\/div>\n\t\t\t\t<\/div>\n\t\t\t\t<\/div>\n\t\t\t\t\t<\/div>\n\t\t<\/div>\n\t\t\t\t\t\t\t<\/div>\n\t\t<\/section>\n\t\t\t\t<section class=\"elementor-section elementor-top-section elementor-element elementor-element-0e2954d elementor-section-boxed elementor-section-height-default elementor-section-height-default\" data-id=\"0e2954d\" data-element_type=\"section\">\n\t\t\t\t\t\t<div class=\"elementor-container elementor-column-gap-default\">\n\t\t\t\t\t<div class=\"elementor-column elementor-col-100 elementor-top-column elementor-element elementor-element-7ecd881\" data-id=\"7ecd881\" data-element_type=\"column\">\n\t\t\t<div class=\"elementor-widget-wrap elementor-element-populated\">\n\t\t\t\t\t\t\t\t<div class=\"elementor-element elementor-element-1411378 elementor-widget elementor-widget-kyl_text\" data-id=\"1411378\" data-element_type=\"widget\" data-widget_type=\"kyl_text.default\">\n\t\t\t\t<div class=\"elementor-widget-container\">\n\t\t\t\n        <div class=\"kyl_text is-left\">\n            <div class=\"container\">\n\t\t\t\t                <h2 class=\"headline\">\n\t\t\t\tFin des 10 premi\u00e8res ann\u00e9es pionni\u00e8res - D\u00e9but d'une nouvelle \u00e8re de croissance             <\/h2>\n\t\t\t\n\t\t\t                <div class=\"text\">\n\t\t\t\t\t<p><span style=\"font-weight: 400;\">Torsten Schreiber d\u00e9clare \u00e0 ce propos : \u00ab Wolfgang Rams est \u00e0 Africa GreenTec comme investisseur depuis la cr\u00e9ation de la soci\u00e9t\u00e9, il a \u00e9t\u00e9 l'un des premiers \u00e0 croire \u00e0 la vision d'Africa GreenTec. Wolfgang m'a accompagn\u00e9 au tout d\u00e9but dans mes voyages en Afrique, en plus d\u2019\u00eatre membre du conseil d'administration depuis plus de 4 ans. Il conna\u00eet bien le march\u00e9 et nos clients. \u00c0 la fin de l'ann\u00e9e derni\u00e8re, nous avions d\u2019un commun accord convenu de transf\u00e9rer \u00e0 Wolfgang Rams toute la direction de l\u2019entreprise. Cette importante d\u00e9cision s\u2019est mat\u00e9rialis\u00e9e \u00e0 l\u2019occasion du 10e anniversaire d\u2019Africa GreenTec, car c\u2019est le bon moment pour lui transmettre \u00e9galement toutes mes responsabilit\u00e9s au sein du conseil d'administration. Je lui souhaite, ainsi qu'\u00e0 toute l'\u00e9quipe, le plus grand succ\u00e8s\u00a0! Sachez \u00e9galement qu\u2019\u00e0 chaque fois que notre avis sera sollicit\u00e9, Aida et moi serons ravis d\u2019\u00eatre \u00e0 la disposition de l'entreprise. \u00bb<\/span><\/p>                <\/div>\n\t\t\t\n\t\t\t        <\/div>\n        <\/div>\n\t\t\t\t<\/div>\n\t\t\t\t<\/div>\n\t\t\t\t<div class=\"elementor-element elementor-element-2a1cb81 elementor-widget elementor-widget-spacer\" data-id=\"2a1cb81\" data-element_type=\"widget\" data-widget_type=\"spacer.default\">\n\t\t\t\t<div class=\"elementor-widget-container\">\n\t\t\t\t\t<div class=\"elementor-spacer\">\n\t\t\t<div class=\"elementor-spacer-inner\"><\/div>\n\t\t<\/div>\n\t\t\t\t<\/div>\n\t\t\t\t<\/div>\n\t\t\t\t\t<\/div>\n\t\t<\/div>\n\t\t\t\t\t\t\t<\/div>\n\t\t<\/section>\n\t\t\t\t<section class=\"elementor-section elementor-top-section elementor-element elementor-element-0bac26c elementor-section-boxed elementor-section-height-default elementor-section-height-default\" data-id=\"0bac26c\" data-element_type=\"section\">\n\t\t\t\t\t\t<div class=\"elementor-container elementor-column-gap-default\">\n\t\t\t\t\t<div class=\"elementor-column elementor-col-100 elementor-top-column elementor-element elementor-element-402cc8f\" data-id=\"402cc8f\" data-element_type=\"column\">\n\t\t\t<div class=\"elementor-widget-wrap elementor-element-populated\">\n\t\t\t\t\t\t\t\t<div class=\"elementor-element elementor-element-124e2ab elementor-widget elementor-widget-kyl_text\" data-id=\"124e2ab\" data-element_type=\"widget\" data-widget_type=\"kyl_text.default\">\n\t\t\t\t<div class=\"elementor-widget-container\">\n\t\t\t\n        <div class=\"kyl_text is-left\">\n            <div class=\"container\">\n\t\t\t\t                <h2 class=\"headline\">\n\t\t\t\tUne nouvelle strat\u00e9gie adapt\u00e9e aux exigences du march\u00e9 des capitaux !             <\/h2>\n\t\t\t\n\t\t\t                <div class=\"text\">\n\t\t\t\t\t<p><span style=\"font-weight: 400;\">\u00c0 partir de maintenant, la rentabilit\u00e9 sera de plus en plus mise en avant, tout en gardant notre impact social qui reste toujours l\u2019ADN de l\u2019entreprise. Des combinaisons intelligentes orient\u00e9es sur les besoins du march\u00e9, associ\u00e9es \u00e0 une forte mobilisation de l'expertise des filiales locales, doivent constituer le fondement de la croissance vis\u00e9e. Des investisseurs et des partenariats strat\u00e9giques doivent aider \u00e0 renforcer les piliers choisis par Africa GreenTec. Les projets d\u00e9j\u00e0 r\u00e9alis\u00e9s avec succ\u00e8s sont des r\u00e9f\u00e9rences importantes, ils doivent nous servir de mod\u00e8les pour la mise en \u0153uvre op\u00e9rationnelle de ce nouvel \u00e9lan en passant par le renforcement de la formation de notre personnel et la cr\u00e9ation de nouveaux emplois localement. Africa GreenTec augmentera ses performances gr\u00e2ce \u00e0 des potentialit\u00e9s encore inexploit\u00e9es.<\/span><\/p><p><span style=\"font-weight: 400;\">\u00ab Aida et Torsten Schreiber ont d\u00e9montr\u00e9 que des entrepreneurs sociaux sont capables par un engagement personnel d'accomplir l'impossible et d'\u00eatre des mod\u00e8les pour des changements durables. Sans eux et leurs sacrifices, la cr\u00e9ation d'une entreprise aussi inspirante qu'Africa GreenTec, qui compte aujourd'hui plus de 4 000 investisseurs engag\u00e9s, n'aurait pas \u00e9t\u00e9 possible \u00bb, d\u00e9clare Wolfgang Rams. \u00ab Les exigences accrues en mati\u00e8re de rentabilit\u00e9 des mod\u00e8les d'affaires sociaux n\u00e9cessitent d\u00e9sormais une nouvelle approche avec un accent plus fort sur la rentabilit\u00e9, les partenariats et la croissance. Africa GreenTec et l'ensemble de ses employ\u00e9s remercient Aida et Torsten pour leur travail de pionnier exceptionnel. Leurs conseils continueront d'accompagner l'entreprise \u00bb<\/span><\/p>                <\/div>\n\t\t\t\n\t\t\t        <\/div>\n        <\/div>\n\t\t\t\t<\/div>\n\t\t\t\t<\/div>\n\t\t\t\t<div class=\"elementor-element elementor-element-5db2fc9 elementor-widget elementor-widget-spacer\" data-id=\"5db2fc9\" data-element_type=\"widget\" data-widget_type=\"spacer.default\">\n\t\t\t\t<div class=\"elementor-widget-container\">\n\t\t\t\t\t<div class=\"elementor-spacer\">\n\t\t\t<div class=\"elementor-spacer-inner\"><\/div>\n\t\t<\/div>\n\t\t\t\t<\/div>\n\t\t\t\t<\/div>\n\t\t\t\t\t<\/div>\n\t\t<\/div>\n\t\t\t\t\t\t\t<\/div>\n\t\t<\/section>\n\t\t\t\t<section class=\"elementor-section elementor-top-section elementor-element elementor-element-4a1bc11 elementor-section-boxed elementor-section-height-default elementor-section-height-default\" data-id=\"4a1bc11\" data-element_type=\"section\">\n\t\t\t\t\t\t<div class=\"elementor-container elementor-column-gap-default\">\n\t\t\t\t\t<div class=\"elementor-column elementor-col-100 elementor-top-column elementor-element elementor-element-747485a\" data-id=\"747485a\" data-element_type=\"column\">\n\t\t\t<div class=\"elementor-widget-wrap elementor-element-populated\">\n\t\t\t\t\t\t\t\t<div class=\"elementor-element elementor-element-fe7a582 elementor-widget elementor-widget-kyl_text\" data-id=\"fe7a582\" data-element_type=\"widget\" data-widget_type=\"kyl_text.default\">\n\t\t\t\t<div class=\"elementor-widget-container\">\n\t\t\t\n        <div class=\"kyl_text is-left\">\n            <div class=\"container\">\n\t\t\t\t\n\t\t\t                <div class=\"text\">\n\t\t\t\t\t<p dir=\"ltr\">Depuis 2014, Africa GreenTec propose des solutions holistiques pour la production et la distribution d'\u00e9nergie renouvelable dans des r\u00e9gions en Afrique hors des r\u00e9seaux pays. La robustesse et la performance de ses syst\u00e8mes intelligents, de ses moyens de paiements bas\u00e9s sur une tarification et une facturation en pr\u00e9pay\u00e9e, de sa maintenance du r\u00e9seau possible \u00e0 distance permettent tous les jours de r\u00e9sister aux conditions tr\u00e8s difficiles du continent africain et de surpasser r\u00e9guli\u00e8rement les exigences des normes europ\u00e9ennes. Gr\u00e2ce \u00e0 nos ImpactSites<sup>\u00ae<\/sup>, des communaut\u00e9s enti\u00e8res, dans des r\u00e9gions rurales, ont acc\u00e8s \u00e0 l'\u00e9lectricit\u00e9 propre et peuvent s\u2019\u00e9quiper avec des technologies durables. Africa GreenTec propose des solutions \u00e9galement aux grandes entreprises du Commerce et des Industries pour qu\u2019elles gagnent en productivit\u00e9 et \u00e0 b\u00e9n\u00e9ficier d'une \u00e9nergie renouvelable \u00e0 moindre co\u00fbt. D\u00e9sormais, du S\u00e9n\u00e9gal \u00e0 Madagascar, plus de 150 000 personnes et de nombreuses entreprises peuvent utiliser les solutions d'Africa GreenTec.<\/p>                <\/div>\n\t\t\t\n\t\t\t        <\/div>\n        <\/div>\n\t\t\t\t<\/div>\n\t\t\t\t<\/div>\n\t\t\t\t<div class=\"elementor-element elementor-element-24441fb elementor-widget elementor-widget-spacer\" data-id=\"24441fb\" data-element_type=\"widget\" data-widget_type=\"spacer.default\">\n\t\t\t\t<div class=\"elementor-widget-container\">\n\t\t\t\t\t<div class=\"elementor-spacer\">\n\t\t\t<div class=\"elementor-spacer-inner\"><\/div>\n\t\t<\/div>\n\t\t\t\t<\/div>\n\t\t\t\t<\/div>\n\t\t\t\t\t<\/div>\n\t\t<\/div>\n\t\t\t\t\t\t\t<\/div>\n\t\t<\/section>\n\t\t\t\t<section class=\"elementor-section elementor-top-section elementor-element elementor-element-b96248b elementor-section-boxed elementor-section-height-default elementor-section-height-default\" data-id=\"b96248b\" data-element_type=\"section\">\n\t\t\t\t\t\t<div class=\"elementor-container elementor-column-gap-default\">\n\t\t\t\t\t<div class=\"elementor-column elementor-col-100 elementor-top-column elementor-element elementor-element-25d6d52\" data-id=\"25d6d52\" data-element_type=\"column\">\n\t\t\t<div class=\"elementor-widget-wrap elementor-element-populated\">\n\t\t\t\t\t\t\t\t<div class=\"elementor-element elementor-element-6d75aae elementor-widget elementor-widget-kyl_author\" data-id=\"6d75aae\" data-element_type=\"widget\" data-widget_type=\"kyl_author.default\">\n\t\t\t\t<div class=\"elementor-widget-container\">\n\t\t\t\n        <div class=\"kyl_author\">\n\n            <img decoding=\"async\" class=\"author\"\n                 src=\"https:\/\/www.africagreentec.com\/wp-content\/uploads\/2023\/03\/Element-1@2x-150x150.png\"\n                 srcset=\"https:\/\/www.africagreentec.com\/wp-content\/uploads\/2023\/03\/Element-1@2x-224x300.png 224w, https:\/\/www.africagreentec.com\/wp-content\/uploads\/2023\/03\/Element-1@2x-766x1024.png 766w, https:\/\/www.africagreentec.com\/wp-content\/uploads\/2023\/03\/Element-1@2x-768x1027.png 768w, https:\/\/www.africagreentec.com\/wp-content\/uploads\/2023\/03\/Element-1@2x.png 1085w\"\n                 alt=\"\">\n            <div class=\"text\">\n                <span class=\"name\">\n                    Frankfurt<br \/>\n21.06.2024                <\/span>\n                <br>\n            <\/div>\n\n        <\/div>\n\n\t\t\t\t<\/div>\n\t\t\t\t<\/div>\n\t\t\t\t\t<\/div>\n\t\t<\/div>\n\t\t\t\t\t\t\t<\/div>\n\t\t<\/section>\n\t\t\t\t\t\t\t<\/div>\n\t\t","protected":false},"featured_media":18126,"template":"","presse_kategorien":[59],"class_list":["post-18114","presse","type-presse","status-publish","has-post-thumbnail","hentry","presse_kategorien-pressemitteilungen-fr"],"acf":[],"yoast_head":"<!-- This site is optimized with the Yoast SEO plugin v21.4 - https:\/\/yoast.com\/wordpress\/plugins\/seo\/ -->\n<title>Torsten Schreiber passe le relais \u00e0 Wolfgang Rams - Africa GreenTec AG<\/title>\n<meta name=\"description\" content=\"Wolfgang Rams est le nouveau CEO d&#039;AGT AG et assume les responsabilit\u00e9s de Torsten Schreiber, qui a d\u00e9missionn\u00e9 du conseil d&#039;administration.\" \/>\n<meta name=\"robots\" content=\"index, follow, max-snippet:-1, max-image-preview:large, max-video-preview:-1\" \/>\n<link rel=\"canonical\" href=\"https:\/\/www.africagreentec.com\/fr\/presse\/torsten-schreiber-passe-le-relais-a-wolfgang-rams\/\" \/>\n<meta property=\"og:locale\" content=\"fr_FR\" \/>\n<meta property=\"og:type\" content=\"article\" \/>\n<meta property=\"og:title\" content=\"Torsten Schreiber passe le relais \u00e0 Wolfgang Rams - Africa GreenTec AG\" \/>\n<meta property=\"og:description\" content=\"Wolfgang Rams est le nouveau CEO d&#039;AGT AG et assume les responsabilit\u00e9s de Torsten Schreiber, qui a d\u00e9missionn\u00e9 du conseil d&#039;administration.\" \/>\n<meta property=\"og:url\" content=\"https:\/\/www.africagreentec.com\/fr\/presse\/torsten-schreiber-passe-le-relais-a-wolfgang-rams\/\" \/>\n<meta property=\"og:site_name\" content=\"Africa GreenTec AG\" \/>\n<meta property=\"article:publisher\" content=\"https:\/\/de-de.facebook.com\/AfricaGreenTec\/\" \/>\n<meta property=\"article:modified_time\" content=\"2024-11-13T08:58:53+00:00\" \/>\n<meta property=\"og:image\" content=\"https:\/\/www.africagreentec.com\/wp-content\/uploads\/2024\/06\/Relais-a-Wolfgang-Rams.jpg\" \/>\n\t<meta property=\"og:image:width\" content=\"1080\" \/>\n\t<meta property=\"og:image:height\" content=\"1080\" \/>\n\t<meta property=\"og:image:type\" content=\"image\/jpeg\" \/>\n<meta name=\"twitter:card\" content=\"summary_large_image\" \/>\n<meta name=\"twitter:site\" content=\"@AfricaGreenTec\" \/>\n<meta name=\"twitter:label1\" content=\"Dur\u00e9e de lecture estim\u00e9e\" \/>\n\t<meta name=\"twitter:data1\" content=\"4 minutes\" \/>\n<script type=\"application\/ld+json\" class=\"yoast-schema-graph\">{\"@context\":\"https:\/\/schema.org\",\"@graph\":[{\"@type\":\"WebPage\",\"@id\":\"https:\/\/www.africagreentec.com\/fr\/presse\/torsten-schreiber-passe-le-relais-a-wolfgang-rams\/\",\"url\":\"https:\/\/www.africagreentec.com\/fr\/presse\/torsten-schreiber-passe-le-relais-a-wolfgang-rams\/\",\"name\":\"Torsten Schreiber passe le relais \u00e0 Wolfgang Rams - Africa GreenTec AG\",\"isPartOf\":{\"@id\":\"https:\/\/www.africagreentec.com\/fr\/#website\"},\"datePublished\":\"2024-06-21T09:03:47+00:00\",\"dateModified\":\"2024-11-13T08:58:53+00:00\",\"description\":\"Wolfgang Rams est le nouveau CEO d'AGT AG et assume les responsabilit\u00e9s de Torsten Schreiber, qui a d\u00e9missionn\u00e9 du conseil d'administration.\",\"breadcrumb\":{\"@id\":\"https:\/\/www.africagreentec.com\/fr\/presse\/torsten-schreiber-passe-le-relais-a-wolfgang-rams\/#breadcrumb\"},\"inLanguage\":\"fr-FR\",\"potentialAction\":[{\"@type\":\"ReadAction\",\"target\":[\"https:\/\/www.africagreentec.com\/fr\/presse\/torsten-schreiber-passe-le-relais-a-wolfgang-rams\/\"]}]},{\"@type\":\"BreadcrumbList\",\"@id\":\"https:\/\/www.africagreentec.com\/fr\/presse\/torsten-schreiber-passe-le-relais-a-wolfgang-rams\/#breadcrumb\",\"itemListElement\":[{\"@type\":\"ListItem\",\"position\":1,\"name\":\"Startseite\",\"item\":\"https:\/\/www.africagreentec.com\/fr\/\"},{\"@type\":\"ListItem\",\"position\":2,\"name\":\"Presse\",\"item\":\"https:\/\/www.africagreentec.com\/fr\/presse\/\"},{\"@type\":\"ListItem\",\"position\":3,\"name\":\"Torsten Schreiber passe le relais \u00e0 Wolfgang Rams\"}]},{\"@type\":\"WebSite\",\"@id\":\"https:\/\/www.africagreentec.com\/fr\/#website\",\"url\":\"https:\/\/www.africagreentec.com\/fr\/\",\"name\":\"Africa GreenTec AG\",\"description\":\"\",\"publisher\":{\"@id\":\"https:\/\/www.africagreentec.com\/fr\/#organization\"},\"potentialAction\":[{\"@type\":\"SearchAction\",\"target\":{\"@type\":\"EntryPoint\",\"urlTemplate\":\"https:\/\/www.africagreentec.com\/fr\/?s={search_term_string}\"},\"query-input\":\"required name=search_term_string\"}],\"inLanguage\":\"fr-FR\"},{\"@type\":\"Organization\",\"@id\":\"https:\/\/www.africagreentec.com\/fr\/#organization\",\"name\":\"Africa GreenTec AG\",\"url\":\"https:\/\/www.africagreentec.com\/fr\/\",\"logo\":{\"@type\":\"ImageObject\",\"inLanguage\":\"fr-FR\",\"@id\":\"https:\/\/www.africagreentec.com\/fr\/#\/schema\/logo\/image\/\",\"url\":\"https:\/\/www.africagreentec.com\/wp-content\/uploads\/2023\/01\/AGT_Logo_BC-22-07-22.svg\",\"contentUrl\":\"https:\/\/www.africagreentec.com\/wp-content\/uploads\/2023\/01\/AGT_Logo_BC-22-07-22.svg\",\"width\":580,\"height\":249,\"caption\":\"Africa GreenTec AG\"},\"image\":{\"@id\":\"https:\/\/www.africagreentec.com\/fr\/#\/schema\/logo\/image\/\"},\"sameAs\":[\"https:\/\/de-de.facebook.com\/AfricaGreenTec\/\",\"https:\/\/twitter.com\/AfricaGreenTec\",\"https:\/\/de.linkedin.com\/company\/africa-greentec\",\"https:\/\/www.instagram.com\/africa_greentec\/\"]}]}<\/script>\n<!-- \/ Yoast SEO plugin. -->","yoast_head_json":{"title":"Torsten Schreiber passe le relais \u00e0 Wolfgang Rams - Africa GreenTec AG","description":"Wolfgang Rams est le nouveau CEO d'AGT AG et assume les responsabilit\u00e9s de Torsten Schreiber, qui a d\u00e9missionn\u00e9 du conseil d'administration.","robots":{"index":"index","follow":"follow","max-snippet":"max-snippet:-1","max-image-preview":"max-image-preview:large","max-video-preview":"max-video-preview:-1"},"canonical":"https:\/\/www.africagreentec.com\/fr\/presse\/torsten-schreiber-passe-le-relais-a-wolfgang-rams\/","og_locale":"fr_FR","og_type":"article","og_title":"Torsten Schreiber passe le relais \u00e0 Wolfgang Rams - Africa GreenTec AG","og_description":"Wolfgang Rams est le nouveau CEO d'AGT AG et assume les responsabilit\u00e9s de Torsten Schreiber, qui a d\u00e9missionn\u00e9 du conseil d'administration.","og_url":"https:\/\/www.africagreentec.com\/fr\/presse\/torsten-schreiber-passe-le-relais-a-wolfgang-rams\/","og_site_name":"Africa GreenTec AG","article_publisher":"https:\/\/de-de.facebook.com\/AfricaGreenTec\/","article_modified_time":"2024-11-13T08:58:53+00:00","og_image":[{"width":1080,"height":1080,"url":"https:\/\/www.africagreentec.com\/wp-content\/uploads\/2024\/06\/Relais-a-Wolfgang-Rams.jpg","type":"image\/jpeg"}],"twitter_card":"summary_large_image","twitter_site":"@AfricaGreenTec","twitter_misc":{"Dur\u00e9e de lecture estim\u00e9e":"4 minutes"},"schema":{"@context":"https:\/\/schema.org","@graph":[{"@type":"WebPage","@id":"https:\/\/www.africagreentec.com\/fr\/presse\/torsten-schreiber-passe-le-relais-a-wolfgang-rams\/","url":"https:\/\/www.africagreentec.com\/fr\/presse\/torsten-schreiber-passe-le-relais-a-wolfgang-rams\/","name":"Torsten Schreiber passe le relais \u00e0 Wolfgang Rams - Africa GreenTec AG","isPartOf":{"@id":"https:\/\/www.africagreentec.com\/fr\/#website"},"datePublished":"2024-06-21T09:03:47+00:00","dateModified":"2024-11-13T08:58:53+00:00","description":"Wolfgang Rams est le nouveau CEO d'AGT AG et assume les responsabilit\u00e9s de Torsten Schreiber, qui a d\u00e9missionn\u00e9 du conseil d'administration.","breadcrumb":{"@id":"https:\/\/www.africagreentec.com\/fr\/presse\/torsten-schreiber-passe-le-relais-a-wolfgang-rams\/#breadcrumb"},"inLanguage":"fr-FR","potentialAction":[{"@type":"ReadAction","target":["https:\/\/www.africagreentec.com\/fr\/presse\/torsten-schreiber-passe-le-relais-a-wolfgang-rams\/"]}]},{"@type":"BreadcrumbList","@id":"https:\/\/www.africagreentec.com\/fr\/presse\/torsten-schreiber-passe-le-relais-a-wolfgang-rams\/#breadcrumb","itemListElement":[{"@type":"ListItem","position":1,"name":"Startseite","item":"https:\/\/www.africagreentec.com\/fr\/"},{"@type":"ListItem","position":2,"name":"Presse","item":"https:\/\/www.africagreentec.com\/fr\/presse\/"},{"@type":"ListItem","position":3,"name":"Torsten Schreiber passe le relais \u00e0 Wolfgang Rams"}]},{"@type":"WebSite","@id":"https:\/\/www.africagreentec.com\/fr\/#website","url":"https:\/\/www.africagreentec.com\/fr\/","name":"Africa GreenTec AG","description":"","publisher":{"@id":"https:\/\/www.africagreentec.com\/fr\/#organization"},"potentialAction":[{"@type":"SearchAction","target":{"@type":"EntryPoint","urlTemplate":"https:\/\/www.africagreentec.com\/fr\/?s={search_term_string}"},"query-input":"required name=search_term_string"}],"inLanguage":"fr-FR"},{"@type":"Organization","@id":"https:\/\/www.africagreentec.com\/fr\/#organization","name":"Africa GreenTec AG","url":"https:\/\/www.africagreentec.com\/fr\/","logo":{"@type":"ImageObject","inLanguage":"fr-FR","@id":"https:\/\/www.africagreentec.com\/fr\/#\/schema\/logo\/image\/","url":"https:\/\/www.africagreentec.com\/wp-content\/uploads\/2023\/01\/AGT_Logo_BC-22-07-22.svg","contentUrl":"https:\/\/www.africagreentec.com\/wp-content\/uploads\/2023\/01\/AGT_Logo_BC-22-07-22.svg","width":580,"height":249,"caption":"Africa GreenTec AG"},"image":{"@id":"https:\/\/www.africagreentec.com\/fr\/#\/schema\/logo\/image\/"},"sameAs":["https:\/\/de-de.facebook.com\/AfricaGreenTec\/","https:\/\/twitter.com\/AfricaGreenTec","https:\/\/de.linkedin.com\/company\/africa-greentec","https:\/\/www.instagram.com\/africa_greentec\/"]}]}},"_links":{"self":[{"href":"https:\/\/www.africagreentec.com\/fr\/wp-json\/wp\/v2\/presse\/18114","targetHints":{"allow":["GET"]}}],"collection":[{"href":"https:\/\/www.africagreentec.com\/fr\/wp-json\/wp\/v2\/presse"}],"about":[{"href":"https:\/\/www.africagreentec.com\/fr\/wp-json\/wp\/v2\/types\/presse"}],"version-history":[{"count":10,"href":"https:\/\/www.africagreentec.com\/fr\/wp-json\/wp\/v2\/presse\/18114\/revisions"}],"predecessor-version":[{"id":92010,"href":"https:\/\/www.africagreentec.com\/fr\/wp-json\/wp\/v2\/presse\/18114\/revisions\/92010"}],"wp:featuredmedia":[{"embeddable":true,"href":"https:\/\/www.africagreentec.com\/fr\/wp-json\/wp\/v2\/media\/18126"}],"wp:attachment":[{"href":"https:\/\/www.africagreentec.com\/fr\/wp-json\/wp\/v2\/media?parent=18114"}],"wp:term":[{"taxonomy":"presse_kategorien","embeddable":true,"href":"https:\/\/www.africagreentec.com\/fr\/wp-json\/wp\/v2\/presse_kategorien?post=18114"}],"curies":[{"name":"wp","href":"https:\/\/api.w.org\/{rel}","templated":true}]}}